{"id":5595,"date":"2026-04-30T15:40:37","date_gmt":"2026-04-30T13:40:37","guid":{"rendered":"https:\/\/lacabanasse.fr\/?p=5595"},"modified":"2026-04-30T15:40:38","modified_gmt":"2026-04-30T13:40:38","slug":"entretien-des-espaces-verts-et-des-arbres","status":"publish","type":"post","link":"https:\/\/lacabanasse.fr\/es\/entretien-des-espaces-verts-et-des-arbres\/","title":{"rendered":"Entretien des espaces verts et des arbres"},"content":{"rendered":"<p>Le beau temps est enfin pr\u00e9sent. Les employ\u00e9s communaux s&rsquo;occupent de l&rsquo;entretien des espaces verts situ\u00e9s dans le domaine public de la commune. En revanche, nous faisons appel \u00e0 votre contribution, en garantissant l&rsquo;entretien de vos espaces verts \u00e0 jour. Les obligations l\u00e9gales concernant le d\u00e9broussaillage sont strictes, afin de pr\u00e9venir le risque de feu de for\u00eat. Egalement, il en va de m\u00eame pour l&rsquo;entretien des arbres, vous devait les couper, cet hiver nous avons pu observer les rafales de vents. <\/p>\n\n\n\n<div class=\"wp-block-uagb-image uagb-block-7b275c05 wp-block-uagb-image--layout-default wp-block-uagb-image--effect-static wp-block-uagb-image--align-none\"><figure class=\"wp-block-uagb-image__figure\"><img decoding=\"async\" srcset=\"https:\/\/lacabanasse.fr\/wp-content\/uploads\/2026\/04\/pexels-photo-20534859-20534859-1024x683.jpg ,https:\/\/lacabanasse.fr\/wp-content\/uploads\/2026\/04\/pexels-photo-20534859-20534859-scaled.jpg 780w, https:\/\/lacabanasse.fr\/wp-content\/uploads\/2026\/04\/pexels-photo-20534859-20534859-scaled.jpg 360w\" sizes=\"auto, (max-width: 480px) 150px\" src=\"https:\/\/lacabanasse.fr\/wp-content\/uploads\/2026\/04\/pexels-photo-20534859-20534859-1024x683.jpg\" alt=\"Gardener in protective gear mowing a lush lawn in a sunny Londrina, Brazil park.\" class=\"uag-image-5599\" width=\"1024\" height=\"683\" title=\"pexels-photo-20534859-20534859\" loading=\"lazy\" role=\"img\"\/><\/figure><\/div>","protected":false},"excerpt":{"rendered":"<p>Le beau temps est enfin pr\u00e9sent. Les employ\u00e9s communaux s&rsquo;occupent de l&rsquo;entretien des espaces verts situ\u00e9s dans le domaine public de la commune. En revanche, nous faisons appel \u00e0 votre contribution, en garantissant l&rsquo;entretien de vos espaces verts \u00e0 jour. Les obligations l\u00e9gales concernant le d\u00e9broussaillage sont strictes, afin de pr\u00e9venir le risque de feu [&hellip;]<\/p>","protected":false},"author":8,"featured_media":0,"comment_status":"closed","ping_status":"closed","sticky":false,"template":"","format":"standard","meta":{"_eb_attr":"","_uag_custom_page_level_css":"","_monsterinsights_skip_tracking":false,"_monsterinsights_sitenote_active":false,"_monsterinsights_sitenote_note":"","_monsterinsights_sitenote_category":0,"footnotes":""},"categories":[309],"tags":[],"class_list":["post-5595","post","type-post","status-publish","format-standard","hentry","category-non-classe-fr"],"yoast_head":"<!-- This site is optimized with the Yoast SEO plugin v26.2 - https:\/\/yoast.com\/wordpress\/plugins\/seo\/ -->\n<title>Entretien des espaces verts et des arbres - Mairie La Cabanasse<\/title>\n<meta name=\"robots\" content=\"index, follow, max-snippet:-1, max-image-preview:large, max-video-preview:-1\" \/>\n<link rel=\"canonical\" href=\"https:\/\/lacabanasse.fr\/es\/entretien-des-espaces-verts-et-des-arbres\/\" \/>\n<meta property=\"og:locale\" content=\"es_ES\" \/>\n<meta property=\"og:type\" content=\"article\" \/>\n<meta property=\"og:title\" content=\"Entretien des espaces verts et des arbres - Mairie La Cabanasse\" \/>\n<meta property=\"og:description\" content=\"Le beau temps est enfin pr\u00e9sent. Les employ\u00e9s communaux s&rsquo;occupent de l&rsquo;entretien des espaces verts situ\u00e9s dans le domaine public de la commune. En revanche, nous faisons appel \u00e0 votre contribution, en garantissant l&rsquo;entretien de vos espaces verts \u00e0 jour. Les obligations l\u00e9gales concernant le d\u00e9broussaillage sont strictes, afin de pr\u00e9venir le risque de feu [&hellip;]\" \/>\n<meta property=\"og:url\" content=\"https:\/\/lacabanasse.fr\/es\/entretien-des-espaces-verts-et-des-arbres\/\" \/>\n<meta property=\"og:site_name\" content=\"Mairie La Cabanasse\" \/>\n<meta property=\"article:publisher\" content=\"https:\/\/www.facebook.com\/lacabanasse66210\/\" \/>\n<meta property=\"article:published_time\" content=\"2026-04-30T13:40:37+00:00\" \/>\n<meta property=\"article:modified_time\" content=\"2026-04-30T13:40:38+00:00\" \/>\n<meta property=\"og:image\" content=\"https:\/\/lacabanasse.fr\/wp-content\/uploads\/2026\/04\/pexels-photo-20534859-20534859-1024x683.jpg\" \/>\n<meta name=\"author\" content=\"pauline Bas\" \/>\n<meta name=\"twitter:card\" content=\"summary_large_image\" \/>\n<meta name=\"twitter:label1\" content=\"Written by\" \/>\n\t<meta name=\"twitter:data1\" content=\"pauline Bas\" \/>\n<script type=\"application\/ld+json\" class=\"yoast-schema-graph\">{\"@context\":\"https:\/\/schema.org\",\"@graph\":[{\"@type\":\"Article\",\"@id\":\"https:\/\/lacabanasse.fr\/entretien-des-espaces-verts-et-des-arbres\/#article\",\"isPartOf\":{\"@id\":\"https:\/\/lacabanasse.fr\/entretien-des-espaces-verts-et-des-arbres\/\"},\"author\":{\"name\":\"pauline Bas\",\"@id\":\"https:\/\/lacabanasse.fr\/#\/schema\/person\/939bf2f5fe6422d5b9ae8a67a2f7d9e0\"},\"headline\":\"Entretien des espaces verts et des arbres\",\"datePublished\":\"2026-04-30T13:40:37+00:00\",\"dateModified\":\"2026-04-30T13:40:38+00:00\",\"mainEntityOfPage\":{\"@id\":\"https:\/\/lacabanasse.fr\/entretien-des-espaces-verts-et-des-arbres\/\"},\"wordCount\":94,\"publisher\":{\"@id\":\"https:\/\/lacabanasse.fr\/#organization\"},\"image\":{\"@id\":\"https:\/\/lacabanasse.fr\/entretien-des-espaces-verts-et-des-arbres\/#primaryimage\"},\"thumbnailUrl\":\"https:\/\/lacabanasse.fr\/wp-content\/uploads\/2026\/04\/pexels-photo-20534859-20534859-1024x683.jpg\",\"articleSection\":[\"Non class\u00e9\"],\"inLanguage\":\"es-ES\"},{\"@type\":\"WebPage\",\"@id\":\"https:\/\/lacabanasse.fr\/entretien-des-espaces-verts-et-des-arbres\/\",\"url\":\"https:\/\/lacabanasse.fr\/entretien-des-espaces-verts-et-des-arbres\/\",\"name\":\"Entretien des espaces verts et des arbres - Mairie La Cabanasse\",\"isPartOf\":{\"@id\":\"https:\/\/lacabanasse.fr\/#website\"},\"primaryImageOfPage\":{\"@id\":\"https:\/\/lacabanasse.fr\/entretien-des-espaces-verts-et-des-arbres\/#primaryimage\"},\"image\":{\"@id\":\"https:\/\/lacabanasse.fr\/entretien-des-espaces-verts-et-des-arbres\/#primaryimage\"},\"thumbnailUrl\":\"https:\/\/lacabanasse.fr\/wp-content\/uploads\/2026\/04\/pexels-photo-20534859-20534859-1024x683.jpg\",\"datePublished\":\"2026-04-30T13:40:37+00:00\",\"dateModified\":\"2026-04-30T13:40:38+00:00\",\"breadcrumb\":{\"@id\":\"https:\/\/lacabanasse.fr\/entretien-des-espaces-verts-et-des-arbres\/#breadcrumb\"},\"inLanguage\":\"es-ES\",\"potentialAction\":[{\"@type\":\"ReadAction\",\"target\":[\"https:\/\/lacabanasse.fr\/entretien-des-espaces-verts-et-des-arbres\/\"]}]},{\"@type\":\"ImageObject\",\"inLanguage\":\"es-ES\",\"@id\":\"https:\/\/lacabanasse.fr\/entretien-des-espaces-verts-et-des-arbres\/#primaryimage\",\"url\":\"https:\/\/lacabanasse.fr\/wp-content\/uploads\/2026\/04\/pexels-photo-20534859-20534859-1024x683.jpg\",\"contentUrl\":\"https:\/\/lacabanasse.fr\/wp-content\/uploads\/2026\/04\/pexels-photo-20534859-20534859-1024x683.jpg\"},{\"@type\":\"BreadcrumbList\",\"@id\":\"https:\/\/lacabanasse.fr\/entretien-des-espaces-verts-et-des-arbres\/#breadcrumb\",\"itemListElement\":[{\"@type\":\"ListItem\",\"position\":1,\"name\":\"Accueil\",\"item\":\"https:\/\/lacabanasse.fr\/\"},{\"@type\":\"ListItem\",\"position\":2,\"name\":\"Entretien des espaces verts et des arbres\"}]},{\"@type\":\"WebSite\",\"@id\":\"https:\/\/lacabanasse.fr\/#website\",\"url\":\"https:\/\/lacabanasse.fr\/\",\"name\":\"Mairie de la Cabanasse\",\"description\":\"Site officiel  de la Mairie de La Cabanasse dans les Pyr\u00e9n\u00e9es Orientales\",\"publisher\":{\"@id\":\"https:\/\/lacabanasse.fr\/#organization\"},\"potentialAction\":[{\"@type\":\"SearchAction\",\"target\":{\"@type\":\"EntryPoint\",\"urlTemplate\":\"https:\/\/lacabanasse.fr\/?s={search_term_string}\"},\"query-input\":{\"@type\":\"PropertyValueSpecification\",\"valueRequired\":true,\"valueName\":\"search_term_string\"}}],\"inLanguage\":\"es-ES\"},{\"@type\":\"Organization\",\"@id\":\"https:\/\/lacabanasse.fr\/#organization\",\"name\":\"Mairie de la Cabanasse\",\"url\":\"https:\/\/lacabanasse.fr\/\",\"logo\":{\"@type\":\"ImageObject\",\"inLanguage\":\"es-ES\",\"@id\":\"https:\/\/lacabanasse.fr\/#\/schema\/logo\/image\/\",\"url\":\"https:\/\/lacabanasse.fr\/wp-content\/uploads\/2021\/03\/cropped-favicon-la-cabanasse.jpg\",\"contentUrl\":\"https:\/\/lacabanasse.fr\/wp-content\/uploads\/2021\/03\/cropped-favicon-la-cabanasse.jpg\",\"width\":512,\"height\":512,\"caption\":\"Mairie de la Cabanasse\"},\"image\":{\"@id\":\"https:\/\/lacabanasse.fr\/#\/schema\/logo\/image\/\"},\"sameAs\":[\"https:\/\/www.facebook.com\/lacabanasse66210\/\"]},{\"@type\":\"Person\",\"@id\":\"https:\/\/lacabanasse.fr\/#\/schema\/person\/939bf2f5fe6422d5b9ae8a67a2f7d9e0\",\"name\":\"pauline Bas\",\"image\":{\"@type\":\"ImageObject\",\"inLanguage\":\"es-ES\",\"@id\":\"https:\/\/lacabanasse.fr\/#\/schema\/person\/image\/\",\"url\":\"https:\/\/secure.gravatar.com\/avatar\/bc02a4275fa0baa5b2a49f80f321c20c3ef9b18eb9d67c11dc98337c2d758388?s=96&d=mm&r=g\",\"contentUrl\":\"https:\/\/secure.gravatar.com\/avatar\/bc02a4275fa0baa5b2a49f80f321c20c3ef9b18eb9d67c11dc98337c2d758388?s=96&d=mm&r=g\",\"caption\":\"pauline Bas\"}}]}<\/script>\n<!-- \/ Yoast SEO plugin. -->","yoast_head_json":{"title":"Entretien des espaces verts et des arbres - Mairie La Cabanasse","robots":{"index":"index","follow":"follow","max-snippet":"max-snippet:-1","max-image-preview":"max-image-preview:large","max-video-preview":"max-video-preview:-1"},"canonical":"https:\/\/lacabanasse.fr\/es\/entretien-des-espaces-verts-et-des-arbres\/","og_locale":"es_ES","og_type":"article","og_title":"Entretien des espaces verts et des arbres - Mairie La Cabanasse","og_description":"Le beau temps est enfin pr\u00e9sent. Les employ\u00e9s communaux s&rsquo;occupent de l&rsquo;entretien des espaces verts situ\u00e9s dans le domaine public de la commune. En revanche, nous faisons appel \u00e0 votre contribution, en garantissant l&rsquo;entretien de vos espaces verts \u00e0 jour. Les obligations l\u00e9gales concernant le d\u00e9broussaillage sont strictes, afin de pr\u00e9venir le risque de feu [&hellip;]","og_url":"https:\/\/lacabanasse.fr\/es\/entretien-des-espaces-verts-et-des-arbres\/","og_site_name":"Mairie La Cabanasse","article_publisher":"https:\/\/www.facebook.com\/lacabanasse66210\/","article_published_time":"2026-04-30T13:40:37+00:00","article_modified_time":"2026-04-30T13:40:38+00:00","og_image":[{"url":"https:\/\/lacabanasse.fr\/wp-content\/uploads\/2026\/04\/pexels-photo-20534859-20534859-1024x683.jpg","type":"","width":"","height":""}],"author":"pauline Bas","twitter_card":"summary_large_image","twitter_misc":{"Written by":"pauline Bas"},"schema":{"@context":"https:\/\/schema.org","@graph":[{"@type":"Article","@id":"https:\/\/lacabanasse.fr\/entretien-des-espaces-verts-et-des-arbres\/#article","isPartOf":{"@id":"https:\/\/lacabanasse.fr\/entretien-des-espaces-verts-et-des-arbres\/"},"author":{"name":"pauline Bas","@id":"https:\/\/lacabanasse.fr\/#\/schema\/person\/939bf2f5fe6422d5b9ae8a67a2f7d9e0"},"headline":"Entretien des espaces verts et des arbres","datePublished":"2026-04-30T13:40:37+00:00","dateModified":"2026-04-30T13:40:38+00:00","mainEntityOfPage":{"@id":"https:\/\/lacabanasse.fr\/entretien-des-espaces-verts-et-des-arbres\/"},"wordCount":94,"publisher":{"@id":"https:\/\/lacabanasse.fr\/#organization"},"image":{"@id":"https:\/\/lacabanasse.fr\/entretien-des-espaces-verts-et-des-arbres\/#primaryimage"},"thumbnailUrl":"https:\/\/lacabanasse.fr\/wp-content\/uploads\/2026\/04\/pexels-photo-20534859-20534859-1024x683.jpg","articleSection":["Non class\u00e9"],"inLanguage":"es-ES"},{"@type":"WebPage","@id":"https:\/\/lacabanasse.fr\/entretien-des-espaces-verts-et-des-arbres\/","url":"https:\/\/lacabanasse.fr\/entretien-des-espaces-verts-et-des-arbres\/","name":"Entretien des espaces verts et des arbres - Mairie La Cabanasse","isPartOf":{"@id":"https:\/\/lacabanasse.fr\/#website"},"primaryImageOfPage":{"@id":"https:\/\/lacabanasse.fr\/entretien-des-espaces-verts-et-des-arbres\/#primaryimage"},"image":{"@id":"https:\/\/lacabanasse.fr\/entretien-des-espaces-verts-et-des-arbres\/#primaryimage"},"thumbnailUrl":"https:\/\/lacabanasse.fr\/wp-content\/uploads\/2026\/04\/pexels-photo-20534859-20534859-1024x683.jpg","datePublished":"2026-04-30T13:40:37+00:00","dateModified":"2026-04-30T13:40:38+00:00","breadcrumb":{"@id":"https:\/\/lacabanasse.fr\/entretien-des-espaces-verts-et-des-arbres\/#breadcrumb"},"inLanguage":"es-ES","potentialAction":[{"@type":"ReadAction","target":["https:\/\/lacabanasse.fr\/entretien-des-espaces-verts-et-des-arbres\/"]}]},{"@type":"ImageObject","inLanguage":"es-ES","@id":"https:\/\/lacabanasse.fr\/entretien-des-espaces-verts-et-des-arbres\/#primaryimage","url":"https:\/\/lacabanasse.fr\/wp-content\/uploads\/2026\/04\/pexels-photo-20534859-20534859-1024x683.jpg","contentUrl":"https:\/\/lacabanasse.fr\/wp-content\/uploads\/2026\/04\/pexels-photo-20534859-20534859-1024x683.jpg"},{"@type":"BreadcrumbList","@id":"https:\/\/lacabanasse.fr\/entretien-des-espaces-verts-et-des-arbres\/#breadcrumb","itemListElement":[{"@type":"ListItem","position":1,"name":"Accueil","item":"https:\/\/lacabanasse.fr\/"},{"@type":"ListItem","position":2,"name":"Entretien des espaces verts et des arbres"}]},{"@type":"WebSite","@id":"https:\/\/lacabanasse.fr\/#website","url":"https:\/\/lacabanasse.fr\/","name":"Ayuntamiento de Cabanasse","description":"Sitio web oficial del Ayuntamiento de La Cabanasse en los Pirineos Orientales","publisher":{"@id":"https:\/\/lacabanasse.fr\/#organization"},"potentialAction":[{"@type":"SearchAction","target":{"@type":"EntryPoint","urlTemplate":"https:\/\/lacabanasse.fr\/?s={search_term_string}"},"query-input":{"@type":"PropertyValueSpecification","valueRequired":true,"valueName":"search_term_string"}}],"inLanguage":"es-ES"},{"@type":"Organization","@id":"https:\/\/lacabanasse.fr\/#organization","name":"Ayuntamiento de Cabanasse","url":"https:\/\/lacabanasse.fr\/","logo":{"@type":"ImageObject","inLanguage":"es-ES","@id":"https:\/\/lacabanasse.fr\/#\/schema\/logo\/image\/","url":"https:\/\/lacabanasse.fr\/wp-content\/uploads\/2021\/03\/cropped-favicon-la-cabanasse.jpg","contentUrl":"https:\/\/lacabanasse.fr\/wp-content\/uploads\/2021\/03\/cropped-favicon-la-cabanasse.jpg","width":512,"height":512,"caption":"Mairie de la Cabanasse"},"image":{"@id":"https:\/\/lacabanasse.fr\/#\/schema\/logo\/image\/"},"sameAs":["https:\/\/www.facebook.com\/lacabanasse66210\/"]},{"@type":"Person","@id":"https:\/\/lacabanasse.fr\/#\/schema\/person\/939bf2f5fe6422d5b9ae8a67a2f7d9e0","name":"pauline Bas","image":{"@type":"ImageObject","inLanguage":"es-ES","@id":"https:\/\/lacabanasse.fr\/#\/schema\/person\/image\/","url":"https:\/\/secure.gravatar.com\/avatar\/bc02a4275fa0baa5b2a49f80f321c20c3ef9b18eb9d67c11dc98337c2d758388?s=96&d=mm&r=g","contentUrl":"https:\/\/secure.gravatar.com\/avatar\/bc02a4275fa0baa5b2a49f80f321c20c3ef9b18eb9d67c11dc98337c2d758388?s=96&d=mm&r=g","caption":"pauline Bas"}}]}},"uagb_featured_image_src":{"full":false,"thumbnail":false,"medium":false,"medium_large":false,"large":false,"gs-tiny":false,"xl":false,"xxl":false,"xxxl":false,"xxxxl":false,"xxxxxl":false,"1536x1536":false,"2048x2048":false,"trp-custom-language-flag":false,"sow-carousel-default":false},"uagb_author_info":{"display_name":"pauline Bas","author_link":"https:\/\/lacabanasse.fr\/es\/author\/pauline-b\/"},"uagb_comment_info":0,"uagb_excerpt":"Le beau temps est enfin pr\u00e9sent. Les employ\u00e9s communaux s&rsquo;occupent de l&rsquo;entretien des espaces verts situ\u00e9s dans le domaine public de la commune. En revanche, nous faisons appel \u00e0 votre contribution, en garantissant l&rsquo;entretien de vos espaces verts \u00e0 jour. Les obligations l\u00e9gales concernant le d\u00e9broussaillage sont strictes, afin de pr\u00e9venir le risque de feu&hellip;","_links":{"self":[{"href":"https:\/\/lacabanasse.fr\/es\/wp-json\/wp\/v2\/posts\/5595","targetHints":{"allow":["GET"]}}],"collection":[{"href":"https:\/\/lacabanasse.fr\/es\/wp-json\/wp\/v2\/posts"}],"about":[{"href":"https:\/\/lacabanasse.fr\/es\/wp-json\/wp\/v2\/types\/post"}],"author":[{"embeddable":true,"href":"https:\/\/lacabanasse.fr\/es\/wp-json\/wp\/v2\/users\/8"}],"replies":[{"embeddable":true,"href":"https:\/\/lacabanasse.fr\/es\/wp-json\/wp\/v2\/comments?post=5595"}],"version-history":[{"count":4,"href":"https:\/\/lacabanasse.fr\/es\/wp-json\/wp\/v2\/posts\/5595\/revisions"}],"predecessor-version":[{"id":5600,"href":"https:\/\/lacabanasse.fr\/es\/wp-json\/wp\/v2\/posts\/5595\/revisions\/5600"}],"wp:attachment":[{"href":"https:\/\/lacabanasse.fr\/es\/wp-json\/wp\/v2\/media?parent=5595"}],"wp:term":[{"taxonomy":"category","embeddable":true,"href":"https:\/\/lacabanasse.fr\/es\/wp-json\/wp\/v2\/categories?post=5595"},{"taxonomy":"post_tag","embeddable":true,"href":"https:\/\/lacabanasse.fr\/es\/wp-json\/wp\/v2\/tags?post=5595"}],"curies":[{"name":"gracias","href":"https:\/\/api.w.org\/{rel}","templated":true}]}}